

{"id":140084,"date":"2022-11-18T12:33:31","date_gmt":"2022-11-18T18:33:31","guid":{"rendered":"https:\/\/attra.ncat.org\/iniciativa-de-desarrollo-de-liderazgo-agricola-aceptacion-de-solicitudes\/"},"modified":"2022-11-18T12:33:31","modified_gmt":"2022-11-18T18:33:31","slug":"iniciativa-de-desarrollo-de-liderazgo-agricola-aceptacion-de-solicitudes","status":"publish","type":"post","link":"https:\/\/attra.ncat.org\/es\/iniciativa-de-desarrollo-de-liderazgo-agricola-aceptacion-de-solicitudes\/","title":{"rendered":"Iniciativa de Desarrollo de Liderazgo Agr\u00edcola Aceptaci\u00f3n de solicitudes"},"content":{"rendered":"<p>Future Harvest est\u00e1 aceptando solicitudes para la <a href=\"https:\/\/futureharvest.org\/programs\/agricultural-leadership-initiative\/\">Iniciativa de Desarrollo de Liderazgo Agr\u00edcola<\/a>, un programa dise\u00f1ado para ayudar a BIPOC y a los agricultores veteranos de BIPOC en la regi\u00f3n de Chesapeake a adquirir las habilidades que necesitan para avanzar en sus carreras agr\u00edcolas y convertirse en l\u00edderes en sus comunidades. El programa ofrecer\u00e1 capacitaci\u00f3n personalizada y culturalmente sensible que consiste en nueve meses de capacitaci\u00f3n multimodal gratuita (incluidos planes de estudio en el aula, aprendizaje en la granja y en l\u00ednea, y tutor\u00eda individual). A trav\u00e9s de la Iniciativa, estos agricultores acceder\u00e1n a una mejor capacitaci\u00f3n, educaci\u00f3n y tutor\u00eda, lo que les permitir\u00e1 dominar las habilidades necesarias para avanzar en sus carreras y dominar las habilidades necesarias para ejecutar una operaci\u00f3n agr\u00edcola exitosa y rentable. La Iniciativa de Desarrollo de Liderazgo Agr\u00edcola est\u00e1 dirigida a agricultores de nivel intermedio de Maryland, DC y Virginia, que tienen aproximadamente de tres a cinco temporadas de experiencia.<\/p>\n","protected":false},"excerpt":{"rendered":"<p>Future Harvest est\u00e1 aceptando solicitudes para la Iniciativa de Desarrollo de Liderazgo Agr\u00edcola, un programa dise\u00f1ado para ayudar a BIPOC y a los agricultores veteranos de BIPOC en la regi\u00f3n [&hellip;]<\/p>\n","protected":false},"author":65166,"featured_media":0,"comment_status":"closed","ping_status":"closed","sticky":false,"template":"","format":"standard","meta":{"_acf_changed":false,"_price":"","_stock":"","_tribe_ticket_header":"","_tribe_default_ticket_provider":"","_tribe_ticket_capacity":"0","_ticket_start_date":"","_ticket_end_date":"","_tribe_ticket_show_description":"","_tribe_ticket_show_not_going":false,"_tribe_ticket_use_global_stock":"","_tribe_ticket_global_stock_level":"","_global_stock_mode":"","_global_stock_cap":"","_tribe_rsvp_for_event":"","_tribe_ticket_going_count":"","_tribe_ticket_not_going_count":"","_tribe_tickets_list":"[]","_tribe_ticket_has_attendee_info_fields":false,"footnotes":"","beyondwords_generate_audio":"","beyondwords_integration_method":"","beyondwords_project_id":"","beyondwords_content_id":"","beyondwords_preview_token":"","beyondwords_player_content":"","beyondwords_player_style":"","beyondwords_language_code":"","beyondwords_language_id":"","beyondwords_title_voice_id":"","beyondwords_body_voice_id":"","beyondwords_summary_voice_id":"","beyondwords_error_message":"","beyondwords_disabled":"","beyondwords_delete_content":"","beyondwords_podcast_id":"","beyondwords_hash":"","publish_post_to_speechkit":"","speechkit_hash":"","speechkit_generate_audio":"","speechkit_project_id":"","speechkit_podcast_id":"","speechkit_error_message":"","speechkit_disabled":"","speechkit_access_key":"","speechkit_error":"","speechkit_info":"","speechkit_response":"","speechkit_retries":"","speechkit_status":"","speechkit_updated_at":"","_speechkit_link":"","_speechkit_text":""},"categories":[1547],"tags":[],"class_list":["post-140084","post","type-post","status-publish","format-standard","hentry","category-noticia"],"acf":[],"publishpress_future_action":{"enabled":false,"date":"2026-05-03 14:12:36","action":"change-status","newStatus":"draft","terms":[],"taxonomy":"category","extraData":[]},"publishpress_future_workflow_manual_trigger":{"enabledWorkflows":[]},"distributor_meta":false,"distributor_terms":false,"distributor_media":false,"distributor_original_site_name":"ATTRA - Agricultura Sustentable","distributor_original_site_url":"https:\/\/attra.ncat.org\/es\/","push-errors":false,"_links":{"self":[{"href":"https:\/\/attra.ncat.org\/es\/wp-json\/wp\/v2\/posts\/140084","targetHints":{"allow":["GET"]}}],"collection":[{"href":"https:\/\/attra.ncat.org\/es\/wp-json\/wp\/v2\/posts"}],"about":[{"href":"https:\/\/attra.ncat.org\/es\/wp-json\/wp\/v2\/types\/post"}],"author":[{"embeddable":true,"href":"https:\/\/attra.ncat.org\/es\/wp-json\/wp\/v2\/users\/65166"}],"replies":[{"embeddable":true,"href":"https:\/\/attra.ncat.org\/es\/wp-json\/wp\/v2\/comments?post=140084"}],"version-history":[{"count":0,"href":"https:\/\/attra.ncat.org\/es\/wp-json\/wp\/v2\/posts\/140084\/revisions"}],"wp:attachment":[{"href":"https:\/\/attra.ncat.org\/es\/wp-json\/wp\/v2\/media?parent=140084"}],"wp:term":[{"taxonomy":"category","embeddable":true,"href":"https:\/\/attra.ncat.org\/es\/wp-json\/wp\/v2\/categories?post=140084"},{"taxonomy":"post_tag","embeddable":true,"href":"https:\/\/attra.ncat.org\/es\/wp-json\/wp\/v2\/tags?post=140084"}],"curies":[{"name":"wp","href":"https:\/\/api.w.org\/{rel}","templated":true}]}}